{"id":4087,"date":"2012-10-10T12:55:55","date_gmt":"2012-10-10T10:55:55","guid":{"rendered":"https:\/\/fdd.concilium.click\/seminaire-cohesion-nationale-et-citoyennete-le-havre-2012\/"},"modified":"2022-02-04T14:26:06","modified_gmt":"2022-02-04T13:26:06","slug":"seminaire-cohesion-nationale-et-citoyennete-le-havre-2012","status":"publish","type":"post","link":"https:\/\/fdd-ihedn.fr\/en\/seminaire-cohesion-nationale-et-citoyennete-le-havre-2012\/","title":{"rendered":"[CNC] S\u00e9minaire \u00ab\u00a0Coh\u00e9sion nationale et citoyennet\u00e9\u00a0\u00bb Le Havre 2012, en partenariat avec Lafarge et EDF."},"content":{"rendered":"<p>Apr\u00e8s Marcq-en-Bar\u0153ul en 2011 et Marseille en mai et juin 2012, le Cercle des partenaires de l\u2019IHEDN organise le prochain s\u00e9minaire \u00ab Coh\u00e9sion nationale et citoyennet\u00e9 \u00bb (CNC) au Havre, les :<\/p>\n<ul>\n<li>mercredi 10 et mercredi 17 octobre,<\/li>\n<li>mercredi 14 et mercredi 21 novembre,<\/li>\n<li>mercredi 5 d\u00e9cembre 2012.<\/li>\n<\/ul>\n<p><strong><br \/>\nTh\u00e8me :<\/strong><\/p>\n<p><em><strong>\u00ab \u00catre un citoyen Fran\u00e7ais en 2012 \u00bb<\/strong><\/em><\/p>\n<p>Ce s\u00e9minaire est \u00e0 l\u2019attention de trente personnes : \u00e9lus locaux, cadres du milieu associatif ou de l\u2019Education Nationale, tous ayant un r\u00f4le de relais aupr\u00e8s de jeunes en difficult\u00e9. L\u2019objectif est de mener une r\u00e9flexion collective autour des notions de citoyennet\u00e9 et d\u2019esprit de d\u00e9fense.<\/p>\n<p><strong><br \/>\nLieu du s\u00e9minaire :<\/strong><\/p>\n<p>Novotel Bassin Vauban, 20 rue Lafayette, Quai Colbert, 76600 Le Havre.<\/p>\n<p><strong><br \/>\nContenu p\u00e9dagogique :<\/strong><\/p>\n<p>Le programme comprend des conf\u00e9rences, tables rondes, visites et travaux de comit\u00e9. Tout au long du s\u00e9minaire, des th\u00e8mes aussi vari\u00e9s que la pr\u00e9paration \u00e0 la d\u00e9fense, les d\u00e9fis auxquels fait face la coh\u00e9sion nationale ou le lien arm\u00e9e-nation seront \u00e0 l\u2019\u00e9tude, faisant ainsi l\u2019objet d\u2019une r\u00e9flexion collective.<\/p>\n<p>Les travaux de comit\u00e9 occupant une place centrale dans le s\u00e9minaire, les auditeurs y participant auront, lors des restitutions finales, \u00e0 exposer une synth\u00e8se de leurs r\u00e9flexions, ainsi que des propositions concr\u00e8tes visant \u00e0 renforcer la coh\u00e9sion nationale.<\/p>\n<p>Pour le s\u00e9minaire CNC du Havre, les trente auditeurs seront r\u00e9partis en nombre \u00e9gal sur deux comit\u00e9s :<\/p>\n<ul>\n<li><em>Comit\u00e9 Coh\u00e9sion nationale &#8211; Jeunesse;<\/em><br \/>\nDans un environnement de plus en plus ouvert et mondialis\u00e9, d\u00e9finissez plusieurs moyens innovants pour renforcer la coh\u00e9sion sociale chez les jeunes.<\/li>\n<li><em>Comit\u00e9 Citoyennet\u00e9 &#8211; Esprit de d\u00e9fense :<\/em>Comment se red\u00e9finit le lien citoyennet\u00e9 \u2013 esprit de d\u00e9fense face \u00e0 la cr\u00e9ation d\u2019une citoyennet\u00e9 europ\u00e9enne et \u00e0 la naissance d\u2019une opinion publique mondiale ? Quel r\u00f4le nouveau, ont vocation \u00e0 jouer les acteurs sociaux, politiques et \u00e9conomiques nationaux dans la diffusion de l\u2019esprit de d\u00e9fense chez les jeunes ?<\/li>\n<\/ul>\n<p><strong><br \/>\nInformations compl\u00e9mentaires :&nbsp;<\/strong><br \/>\nLa formation est gratuite.<\/p>\n<p><strong><br \/>\nContact \/ Inscription :<\/strong><br \/>\nMathias Nirman, chef de projet s\u00e9minaires :&nbsp;<a href=\"mailto:seminaires@ihednpartenaires.fr\">seminaires@ihednpartenaires.fr&nbsp;<\/a>\/ 01.44.42.43.61.<br \/>\nTwitter :&nbsp;<a href=\"mailto:@CercleIHEDN\">@CercleIHEDN<\/a><\/p>\n<div>\n<p><strong>Voir le programme :<\/strong><br \/>\n[photo_gallery]<br \/>\n[image thumb_width=\u00a0\u00bb235&Prime; thumb_height=\u00a0\u00bb235&Prime; lightbox=\u00a0\u00bbtrue\u00a0\u00bb custom_link=\u00a0\u00bb\u00a0\u00bb title=\u00a0\u00bbProgramme s\u00e9minaire Coh\u00e9sion nationale et citoyennet\u00e9, Le Havre 2012&Prime; caption=\u00a0\u00bb\u00a0\u00bb] https:\/\/fdd-ihedn.fr\/wp-content\/uploads\/2012\/10\/CNC-le-Havre-8.jpg [\/image]<br \/>\n[\/photo_gallery]<\/p>\n<p><strong>ou t\u00e9l\u00e9charger au format PDF :<\/strong><br \/>\n<a href=\"https:\/\/fdd-ihedn.fr\/wp-content\/uploads\/2012\/10\/CNC-le-Havre-8.11.12.pdf\">Programme s\u00e9minaire Coh\u00e9sion nationale et citoyennet\u00e9, Le Havre 2012<\/a><\/p>\n<\/div>\n","protected":false},"excerpt":{"rendered":"<p>Apr\u00e8s Marcq-en-Bar\u0153ul en 2011 et Marseille en mai et juin 2012, le Cercle des partenaires de l\u2019IHEDN organise le prochain s\u00e9minaire \u00ab Coh\u00e9sion nationale et citoyennet\u00e9 \u00bb (CNC) au Havre, les : mercredi 10 et mercredi 17 octobre, mercredi 14 et mercredi 21 novembre, mercredi 5 d\u00e9cembre 2012. Th\u00e8me : \u00ab \u00catre un citoyen Fran\u00e7ais [&hellip;]<\/p>\n","protected":false},"author":1,"featured_media":4245,"comment_status":"open","ping_status":"open","sticky":false,"template":"","format":"standard","meta":{"footnotes":""},"categories":[34,450],"tags":[],"class_list":{"0":"post-4087","1":"post","2":"type-post","3":"status-publish","4":"format-standard","5":"has-post-thumbnail","7":"category-activites","8":"category-cnc"},"yoast_head":"<!-- This site is optimized with the Yoast SEO plugin v27.4 - https:\/\/yoast.com\/product\/yoast-seo-wordpress\/ -->\n<title>[CNC] S\u00e9minaire &quot;Coh\u00e9sion nationale et citoyennet\u00e9&quot; Le Havre 2012, en partenariat avec Lafarge et EDF. - Fonds de dotation de l&#039;IHEDN<\/title>\n<meta name=\"robots\" content=\"index, follow, max-snippet:-1, max-image-preview:large, max-video-preview:-1\" \/>\n<link rel=\"canonical\" href=\"https:\/\/fdd-ihedn.fr\/en\/seminaire-cohesion-nationale-et-citoyennete-le-havre-2012\/\" \/>\n<meta property=\"og:locale\" content=\"en_GB\" \/>\n<meta property=\"og:type\" content=\"article\" \/>\n<meta property=\"og:title\" content=\"[CNC] S\u00e9minaire &quot;Coh\u00e9sion nationale et citoyennet\u00e9&quot; Le Havre 2012, en partenariat avec Lafarge et EDF. - Fonds de dotation de l&#039;IHEDN\" \/>\n<meta property=\"og:description\" content=\"Apr\u00e8s Marcq-en-Bar\u0153ul en 2011 et Marseille en mai et juin 2012, le Cercle des partenaires de l\u2019IHEDN organise le prochain s\u00e9minaire \u00ab Coh\u00e9sion nationale et citoyennet\u00e9 \u00bb (CNC) au Havre, les : mercredi 10 et mercredi 17 octobre, mercredi 14 et mercredi 21 novembre, mercredi 5 d\u00e9cembre 2012. Th\u00e8me : \u00ab \u00catre un citoyen Fran\u00e7ais [&hellip;]\" \/>\n<meta property=\"og:url\" content=\"https:\/\/fdd-ihedn.fr\/en\/seminaire-cohesion-nationale-et-citoyennete-le-havre-2012\/\" \/>\n<meta property=\"og:site_name\" content=\"Fonds de dotation de l&#039;IHEDN\" \/>\n<meta property=\"article:published_time\" content=\"2012-10-10T10:55:55+00:00\" \/>\n<meta property=\"article:modified_time\" content=\"2022-02-04T13:26:06+00:00\" \/>\n<meta property=\"og:image\" content=\"https:\/\/fdd-ihedn.fr\/wp-content\/uploads\/2012\/10\/LE-CERCLE-DES-PARTENAIRES-DE-L-IHEDN-CNC-Le-Havre-21.11.12-1024x768-1.jpeg\" \/>\n\t<meta property=\"og:image:width\" content=\"1024\" \/>\n\t<meta property=\"og:image:height\" content=\"768\" \/>\n\t<meta property=\"og:image:type\" content=\"image\/jpeg\" \/>\n<meta name=\"author\" content=\"dev\" \/>\n<meta name=\"twitter:card\" content=\"summary_large_image\" \/>\n<meta name=\"twitter:creator\" content=\"@Chaire_Ecodef\" \/>\n<meta name=\"twitter:site\" content=\"@Chaire_Ecodef\" \/>\n<meta name=\"twitter:label1\" content=\"Written by\" \/>\n\t<meta name=\"twitter:data1\" content=\"dev\" \/>\n\t<meta name=\"twitter:label2\" content=\"Estimated reading time\" \/>\n\t<meta name=\"twitter:data2\" content=\"2 minutes\" \/>\n<script type=\"application\/ld+json\" class=\"yoast-schema-graph\">{\"@context\":\"https:\\\/\\\/schema.org\",\"@graph\":[{\"@type\":\"Article\",\"@id\":\"https:\\\/\\\/fdd-ihedn.fr\\\/seminaire-cohesion-nationale-et-citoyennete-le-havre-2012\\\/#article\",\"isPartOf\":{\"@id\":\"https:\\\/\\\/fdd-ihedn.fr\\\/seminaire-cohesion-nationale-et-citoyennete-le-havre-2012\\\/\"},\"author\":{\"name\":\"dev\",\"@id\":\"https:\\\/\\\/fdd-ihedn.fr\\\/#\\\/schema\\\/person\\\/9fdc5a3e2e544ff0f51c5e0732af0c12\"},\"headline\":\"[CNC] S\u00e9minaire \u00ab\u00a0Coh\u00e9sion nationale et citoyennet\u00e9\u00a0\u00bb Le Havre 2012, en partenariat avec Lafarge et EDF.\",\"datePublished\":\"2012-10-10T10:55:55+00:00\",\"dateModified\":\"2022-02-04T13:26:06+00:00\",\"mainEntityOfPage\":{\"@id\":\"https:\\\/\\\/fdd-ihedn.fr\\\/seminaire-cohesion-nationale-et-citoyennete-le-havre-2012\\\/\"},\"wordCount\":425,\"commentCount\":0,\"publisher\":{\"@id\":\"https:\\\/\\\/fdd-ihedn.fr\\\/#organization\"},\"image\":{\"@id\":\"https:\\\/\\\/fdd-ihedn.fr\\\/seminaire-cohesion-nationale-et-citoyennete-le-havre-2012\\\/#primaryimage\"},\"thumbnailUrl\":\"https:\\\/\\\/fdd-ihedn.fr\\\/wp-content\\\/uploads\\\/2012\\\/10\\\/LE-CERCLE-DES-PARTENAIRES-DE-L-IHEDN-CNC-Le-Havre-21.11.12-1024x768-1.jpeg\",\"articleSection\":[\"Activit\u00e9s\",\"CNC\"],\"inLanguage\":\"en-GB\",\"potentialAction\":[{\"@type\":\"CommentAction\",\"name\":\"Comment\",\"target\":[\"https:\\\/\\\/fdd-ihedn.fr\\\/seminaire-cohesion-nationale-et-citoyennete-le-havre-2012\\\/#respond\"]}]},{\"@type\":\"WebPage\",\"@id\":\"https:\\\/\\\/fdd-ihedn.fr\\\/seminaire-cohesion-nationale-et-citoyennete-le-havre-2012\\\/\",\"url\":\"https:\\\/\\\/fdd-ihedn.fr\\\/seminaire-cohesion-nationale-et-citoyennete-le-havre-2012\\\/\",\"name\":\"[CNC] S\u00e9minaire \\\"Coh\u00e9sion nationale et citoyennet\u00e9\\\" Le Havre 2012, en partenariat avec Lafarge et EDF. - Fonds de dotation de l&#039;IHEDN\",\"isPartOf\":{\"@id\":\"https:\\\/\\\/fdd-ihedn.fr\\\/#website\"},\"primaryImageOfPage\":{\"@id\":\"https:\\\/\\\/fdd-ihedn.fr\\\/seminaire-cohesion-nationale-et-citoyennete-le-havre-2012\\\/#primaryimage\"},\"image\":{\"@id\":\"https:\\\/\\\/fdd-ihedn.fr\\\/seminaire-cohesion-nationale-et-citoyennete-le-havre-2012\\\/#primaryimage\"},\"thumbnailUrl\":\"https:\\\/\\\/fdd-ihedn.fr\\\/wp-content\\\/uploads\\\/2012\\\/10\\\/LE-CERCLE-DES-PARTENAIRES-DE-L-IHEDN-CNC-Le-Havre-21.11.12-1024x768-1.jpeg\",\"datePublished\":\"2012-10-10T10:55:55+00:00\",\"dateModified\":\"2022-02-04T13:26:06+00:00\",\"breadcrumb\":{\"@id\":\"https:\\\/\\\/fdd-ihedn.fr\\\/seminaire-cohesion-nationale-et-citoyennete-le-havre-2012\\\/#breadcrumb\"},\"inLanguage\":\"en-GB\",\"potentialAction\":[{\"@type\":\"ReadAction\",\"target\":[\"https:\\\/\\\/fdd-ihedn.fr\\\/seminaire-cohesion-nationale-et-citoyennete-le-havre-2012\\\/\"]}]},{\"@type\":\"ImageObject\",\"inLanguage\":\"en-GB\",\"@id\":\"https:\\\/\\\/fdd-ihedn.fr\\\/seminaire-cohesion-nationale-et-citoyennete-le-havre-2012\\\/#primaryimage\",\"url\":\"https:\\\/\\\/fdd-ihedn.fr\\\/wp-content\\\/uploads\\\/2012\\\/10\\\/LE-CERCLE-DES-PARTENAIRES-DE-L-IHEDN-CNC-Le-Havre-21.11.12-1024x768-1.jpeg\",\"contentUrl\":\"https:\\\/\\\/fdd-ihedn.fr\\\/wp-content\\\/uploads\\\/2012\\\/10\\\/LE-CERCLE-DES-PARTENAIRES-DE-L-IHEDN-CNC-Le-Havre-21.11.12-1024x768-1.jpeg\",\"width\":1024,\"height\":768},{\"@type\":\"BreadcrumbList\",\"@id\":\"https:\\\/\\\/fdd-ihedn.fr\\\/seminaire-cohesion-nationale-et-citoyennete-le-havre-2012\\\/#breadcrumb\",\"itemListElement\":[{\"@type\":\"ListItem\",\"position\":1,\"name\":\"Accueil\",\"item\":\"https:\\\/\\\/fdd-ihedn.fr\\\/\"},{\"@type\":\"ListItem\",\"position\":2,\"name\":\"[CNC] S\u00e9minaire &#8220;Coh\u00e9sion nationale et citoyennet\u00e9&#8221; Le Havre 2012, en partenariat avec Lafarge et EDF.\"}]},{\"@type\":\"WebSite\",\"@id\":\"https:\\\/\\\/fdd-ihedn.fr\\\/#website\",\"url\":\"https:\\\/\\\/fdd-ihedn.fr\\\/\",\"name\":\"Fonds de dotation de l&#039;IHEDN\",\"description\":\"Des projets innovants d\u00e9velopp\u00e9s pour l&#039;IHEDN gr\u00e2ce au m\u00e9c\u00e9nat\",\"publisher\":{\"@id\":\"https:\\\/\\\/fdd-ihedn.fr\\\/#organization\"},\"potentialAction\":[{\"@type\":\"SearchAction\",\"target\":{\"@type\":\"EntryPoint\",\"urlTemplate\":\"https:\\\/\\\/fdd-ihedn.fr\\\/?s={search_term_string}\"},\"query-input\":{\"@type\":\"PropertyValueSpecification\",\"valueRequired\":true,\"valueName\":\"search_term_string\"}}],\"inLanguage\":\"en-GB\"},{\"@type\":\"Organization\",\"@id\":\"https:\\\/\\\/fdd-ihedn.fr\\\/#organization\",\"name\":\"Chaire \u00c9conomie de d\u00e9fense - IHEDN\",\"url\":\"https:\\\/\\\/fdd-ihedn.fr\\\/\",\"logo\":{\"@type\":\"ImageObject\",\"inLanguage\":\"en-GB\",\"@id\":\"https:\\\/\\\/fdd-ihedn.fr\\\/#\\\/schema\\\/logo\\\/image\\\/\",\"url\":\"https:\\\/\\\/fdd-ihedn.fr\\\/wp-content\\\/uploads\\\/2020\\\/04\\\/logoEcodef9.jpg\",\"contentUrl\":\"https:\\\/\\\/fdd-ihedn.fr\\\/wp-content\\\/uploads\\\/2020\\\/04\\\/logoEcodef9.jpg\",\"width\":410,\"height\":212,\"caption\":\"Chaire \u00c9conomie de d\u00e9fense - IHEDN\"},\"image\":{\"@id\":\"https:\\\/\\\/fdd-ihedn.fr\\\/#\\\/schema\\\/logo\\\/image\\\/\"},\"sameAs\":[\"https:\\\/\\\/x.com\\\/Chaire_Ecodef\",\"https:\\\/\\\/www.linkedin.com\\\/company\\\/chaire-ecodef-ihedn\\\/\"]},{\"@type\":\"Person\",\"@id\":\"https:\\\/\\\/fdd-ihedn.fr\\\/#\\\/schema\\\/person\\\/9fdc5a3e2e544ff0f51c5e0732af0c12\",\"name\":\"dev\",\"image\":{\"@type\":\"ImageObject\",\"inLanguage\":\"en-GB\",\"@id\":\"https:\\\/\\\/secure.gravatar.com\\\/avatar\\\/f1ffcac9ca2fa95ad3ec33e9be3ade82f752acb0cabe541e56c5889225afa88a?s=96&d=mm&r=g\",\"url\":\"https:\\\/\\\/secure.gravatar.com\\\/avatar\\\/f1ffcac9ca2fa95ad3ec33e9be3ade82f752acb0cabe541e56c5889225afa88a?s=96&d=mm&r=g\",\"contentUrl\":\"https:\\\/\\\/secure.gravatar.com\\\/avatar\\\/f1ffcac9ca2fa95ad3ec33e9be3ade82f752acb0cabe541e56c5889225afa88a?s=96&d=mm&r=g\",\"caption\":\"dev\"},\"url\":\"https:\\\/\\\/fdd-ihedn.fr\\\/en\\\/author\\\/dev\\\/\"}]}<\/script>\n<!-- \/ Yoast SEO plugin. -->","yoast_head_json":{"title":"[CNC] S\u00e9minaire \"Coh\u00e9sion nationale et citoyennet\u00e9\" Le Havre 2012, en partenariat avec Lafarge et EDF. - Fonds de dotation de l&#039;IHEDN","robots":{"index":"index","follow":"follow","max-snippet":"max-snippet:-1","max-image-preview":"max-image-preview:large","max-video-preview":"max-video-preview:-1"},"canonical":"https:\/\/fdd-ihedn.fr\/en\/seminaire-cohesion-nationale-et-citoyennete-le-havre-2012\/","og_locale":"en_GB","og_type":"article","og_title":"[CNC] S\u00e9minaire \"Coh\u00e9sion nationale et citoyennet\u00e9\" Le Havre 2012, en partenariat avec Lafarge et EDF. - Fonds de dotation de l&#039;IHEDN","og_description":"Apr\u00e8s Marcq-en-Bar\u0153ul en 2011 et Marseille en mai et juin 2012, le Cercle des partenaires de l\u2019IHEDN organise le prochain s\u00e9minaire \u00ab Coh\u00e9sion nationale et citoyennet\u00e9 \u00bb (CNC) au Havre, les : mercredi 10 et mercredi 17 octobre, mercredi 14 et mercredi 21 novembre, mercredi 5 d\u00e9cembre 2012. Th\u00e8me : \u00ab \u00catre un citoyen Fran\u00e7ais [&hellip;]","og_url":"https:\/\/fdd-ihedn.fr\/en\/seminaire-cohesion-nationale-et-citoyennete-le-havre-2012\/","og_site_name":"Fonds de dotation de l&#039;IHEDN","article_published_time":"2012-10-10T10:55:55+00:00","article_modified_time":"2022-02-04T13:26:06+00:00","og_image":[{"width":1024,"height":768,"url":"https:\/\/fdd-ihedn.fr\/wp-content\/uploads\/2012\/10\/LE-CERCLE-DES-PARTENAIRES-DE-L-IHEDN-CNC-Le-Havre-21.11.12-1024x768-1.jpeg","type":"image\/jpeg"}],"author":"dev","twitter_card":"summary_large_image","twitter_creator":"@Chaire_Ecodef","twitter_site":"@Chaire_Ecodef","twitter_misc":{"Written by":"dev","Estimated reading time":"2 minutes"},"schema":{"@context":"https:\/\/schema.org","@graph":[{"@type":"Article","@id":"https:\/\/fdd-ihedn.fr\/seminaire-cohesion-nationale-et-citoyennete-le-havre-2012\/#article","isPartOf":{"@id":"https:\/\/fdd-ihedn.fr\/seminaire-cohesion-nationale-et-citoyennete-le-havre-2012\/"},"author":{"name":"dev","@id":"https:\/\/fdd-ihedn.fr\/#\/schema\/person\/9fdc5a3e2e544ff0f51c5e0732af0c12"},"headline":"[CNC] S\u00e9minaire \u00ab\u00a0Coh\u00e9sion nationale et citoyennet\u00e9\u00a0\u00bb Le Havre 2012, en partenariat avec Lafarge et EDF.","datePublished":"2012-10-10T10:55:55+00:00","dateModified":"2022-02-04T13:26:06+00:00","mainEntityOfPage":{"@id":"https:\/\/fdd-ihedn.fr\/seminaire-cohesion-nationale-et-citoyennete-le-havre-2012\/"},"wordCount":425,"commentCount":0,"publisher":{"@id":"https:\/\/fdd-ihedn.fr\/#organization"},"image":{"@id":"https:\/\/fdd-ihedn.fr\/seminaire-cohesion-nationale-et-citoyennete-le-havre-2012\/#primaryimage"},"thumbnailUrl":"https:\/\/fdd-ihedn.fr\/wp-content\/uploads\/2012\/10\/LE-CERCLE-DES-PARTENAIRES-DE-L-IHEDN-CNC-Le-Havre-21.11.12-1024x768-1.jpeg","articleSection":["Activit\u00e9s","CNC"],"inLanguage":"en-GB","potentialAction":[{"@type":"CommentAction","name":"Comment","target":["https:\/\/fdd-ihedn.fr\/seminaire-cohesion-nationale-et-citoyennete-le-havre-2012\/#respond"]}]},{"@type":"WebPage","@id":"https:\/\/fdd-ihedn.fr\/seminaire-cohesion-nationale-et-citoyennete-le-havre-2012\/","url":"https:\/\/fdd-ihedn.fr\/seminaire-cohesion-nationale-et-citoyennete-le-havre-2012\/","name":"[CNC] S\u00e9minaire \"Coh\u00e9sion nationale et citoyennet\u00e9\" Le Havre 2012, en partenariat avec Lafarge et EDF. - Fonds de dotation de l&#039;IHEDN","isPartOf":{"@id":"https:\/\/fdd-ihedn.fr\/#website"},"primaryImageOfPage":{"@id":"https:\/\/fdd-ihedn.fr\/seminaire-cohesion-nationale-et-citoyennete-le-havre-2012\/#primaryimage"},"image":{"@id":"https:\/\/fdd-ihedn.fr\/seminaire-cohesion-nationale-et-citoyennete-le-havre-2012\/#primaryimage"},"thumbnailUrl":"https:\/\/fdd-ihedn.fr\/wp-content\/uploads\/2012\/10\/LE-CERCLE-DES-PARTENAIRES-DE-L-IHEDN-CNC-Le-Havre-21.11.12-1024x768-1.jpeg","datePublished":"2012-10-10T10:55:55+00:00","dateModified":"2022-02-04T13:26:06+00:00","breadcrumb":{"@id":"https:\/\/fdd-ihedn.fr\/seminaire-cohesion-nationale-et-citoyennete-le-havre-2012\/#breadcrumb"},"inLanguage":"en-GB","potentialAction":[{"@type":"ReadAction","target":["https:\/\/fdd-ihedn.fr\/seminaire-cohesion-nationale-et-citoyennete-le-havre-2012\/"]}]},{"@type":"ImageObject","inLanguage":"en-GB","@id":"https:\/\/fdd-ihedn.fr\/seminaire-cohesion-nationale-et-citoyennete-le-havre-2012\/#primaryimage","url":"https:\/\/fdd-ihedn.fr\/wp-content\/uploads\/2012\/10\/LE-CERCLE-DES-PARTENAIRES-DE-L-IHEDN-CNC-Le-Havre-21.11.12-1024x768-1.jpeg","contentUrl":"https:\/\/fdd-ihedn.fr\/wp-content\/uploads\/2012\/10\/LE-CERCLE-DES-PARTENAIRES-DE-L-IHEDN-CNC-Le-Havre-21.11.12-1024x768-1.jpeg","width":1024,"height":768},{"@type":"BreadcrumbList","@id":"https:\/\/fdd-ihedn.fr\/seminaire-cohesion-nationale-et-citoyennete-le-havre-2012\/#breadcrumb","itemListElement":[{"@type":"ListItem","position":1,"name":"Accueil","item":"https:\/\/fdd-ihedn.fr\/"},{"@type":"ListItem","position":2,"name":"[CNC] S\u00e9minaire &#8220;Coh\u00e9sion nationale et citoyennet\u00e9&#8221; Le Havre 2012, en partenariat avec Lafarge et EDF."}]},{"@type":"WebSite","@id":"https:\/\/fdd-ihedn.fr\/#website","url":"https:\/\/fdd-ihedn.fr\/","name":"IHEDN Endowment Fund","description":"Innovative projects developed for IHEDN thanks to sponsorship","publisher":{"@id":"https:\/\/fdd-ihedn.fr\/#organization"},"potentialAction":[{"@type":"SearchAction","target":{"@type":"EntryPoint","urlTemplate":"https:\/\/fdd-ihedn.fr\/?s={search_term_string}"},"query-input":{"@type":"PropertyValueSpecification","valueRequired":true,"valueName":"search_term_string"}}],"inLanguage":"en-GB"},{"@type":"Organization","@id":"https:\/\/fdd-ihedn.fr\/#organization","name":"Chair in Defence Economics - IHEDN","url":"https:\/\/fdd-ihedn.fr\/","logo":{"@type":"ImageObject","inLanguage":"en-GB","@id":"https:\/\/fdd-ihedn.fr\/#\/schema\/logo\/image\/","url":"https:\/\/fdd-ihedn.fr\/wp-content\/uploads\/2020\/04\/logoEcodef9.jpg","contentUrl":"https:\/\/fdd-ihedn.fr\/wp-content\/uploads\/2020\/04\/logoEcodef9.jpg","width":410,"height":212,"caption":"Chaire \u00c9conomie de d\u00e9fense - IHEDN"},"image":{"@id":"https:\/\/fdd-ihedn.fr\/#\/schema\/logo\/image\/"},"sameAs":["https:\/\/x.com\/Chaire_Ecodef","https:\/\/www.linkedin.com\/company\/chaire-ecodef-ihedn\/"]},{"@type":"Person","@id":"https:\/\/fdd-ihedn.fr\/#\/schema\/person\/9fdc5a3e2e544ff0f51c5e0732af0c12","name":"dev","image":{"@type":"ImageObject","inLanguage":"en-GB","@id":"https:\/\/secure.gravatar.com\/avatar\/f1ffcac9ca2fa95ad3ec33e9be3ade82f752acb0cabe541e56c5889225afa88a?s=96&d=mm&r=g","url":"https:\/\/secure.gravatar.com\/avatar\/f1ffcac9ca2fa95ad3ec33e9be3ade82f752acb0cabe541e56c5889225afa88a?s=96&d=mm&r=g","contentUrl":"https:\/\/secure.gravatar.com\/avatar\/f1ffcac9ca2fa95ad3ec33e9be3ade82f752acb0cabe541e56c5889225afa88a?s=96&d=mm&r=g","caption":"dev"},"url":"https:\/\/fdd-ihedn.fr\/en\/author\/dev\/"}]}},"_links":{"self":[{"href":"https:\/\/fdd-ihedn.fr\/en\/wp-json\/wp\/v2\/posts\/4087","targetHints":{"allow":["GET"]}}],"collection":[{"href":"https:\/\/fdd-ihedn.fr\/en\/wp-json\/wp\/v2\/posts"}],"about":[{"href":"https:\/\/fdd-ihedn.fr\/en\/wp-json\/wp\/v2\/types\/post"}],"author":[{"embeddable":true,"href":"https:\/\/fdd-ihedn.fr\/en\/wp-json\/wp\/v2\/users\/1"}],"replies":[{"embeddable":true,"href":"https:\/\/fdd-ihedn.fr\/en\/wp-json\/wp\/v2\/comments?post=4087"}],"version-history":[{"count":3,"href":"https:\/\/fdd-ihedn.fr\/en\/wp-json\/wp\/v2\/posts\/4087\/revisions"}],"predecessor-version":[{"id":4971,"href":"https:\/\/fdd-ihedn.fr\/en\/wp-json\/wp\/v2\/posts\/4087\/revisions\/4971"}],"wp:featuredmedia":[{"embeddable":true,"href":"https:\/\/fdd-ihedn.fr\/en\/wp-json\/wp\/v2\/media\/4245"}],"wp:attachment":[{"href":"https:\/\/fdd-ihedn.fr\/en\/wp-json\/wp\/v2\/media?parent=4087"}],"wp:term":[{"taxonomy":"category","embeddable":true,"href":"https:\/\/fdd-ihedn.fr\/en\/wp-json\/wp\/v2\/categories?post=4087"},{"taxonomy":"post_tag","embeddable":true,"href":"https:\/\/fdd-ihedn.fr\/en\/wp-json\/wp\/v2\/tags?post=4087"}],"curies":[{"name":"wp","href":"https:\/\/api.w.org\/{rel}","templated":true}]}}